{"id":138045,"date":"2025-05-16T11:33:02","date_gmt":"2025-05-16T08:33:02","guid":{"rendered":"https:\/\/www.balticmedia.com\/?p=138045"},"modified":"2025-05-16T13:46:50","modified_gmt":"2025-05-16T10:46:50","slug":"varfor-finns-det-nu-fler-latar-pa-nationella-sprak-i-eurovision-song-contest","status":"publish","type":"post","link":"https:\/\/www.balticmedia.com\/sv\/varfor-finns-det-nu-fler-latar-pa-nationella-sprak-i-eurovision-song-contest\/","title":{"rendered":"Varf\u00f6r finns det nu fler l\u00e5tar p\u00e5 nationella spr\u00e5k i Eurovision Song Contest?"},"content":{"rendered":"<article class=\"text-token-text-primary w-full\" dir=\"auto\" data-testid=\"conversation-turn-3\" data-scroll-anchor=\"false\">\n<div class=\"text-base my-auto mx-auto py-5 [--thread-content-margin:--spacing(4)] @[37rem]:[--thread-content-margin:--spacing(6)] @[72rem]:[--thread-content-margin:--spacing(16)] px-(--thread-content-margin)\">\n<div class=\"[--thread-content-max-width:32rem] @[34rem]:[--thread-content-max-width:40rem] @[64rem]:[--thread-content-max-width:48rem] mx-auto flex max-w-(--thread-content-max-width) flex-1 text-base gap-4 md:gap-5 lg:gap-6 group\/turn-messages focus-visible:outline-hidden\" tabindex=\"-1\">\n<div class=\"group\/conversation-turn relative flex w-full min-w-0 flex-col\">\n<div class=\"relative flex-col gap-1 md:gap-3\">\n<div class=\"flex max-w-full flex-col grow\">\n<div class=\"min-h-8 text-message relative flex w-full flex-col items-end gap-2 text-start break-words whitespace-normal [.text-message+&amp;]:mt-5\" dir=\"auto\" data-message-author-role=\"user\" data-message-id=\"a678b75a-e6b7-4293-9ea2-832e6a95eff8\">\n<div class=\"flex w-full flex-col gap-1 empty:hidden items-end rtl:items-start\">\n<div class=\"relative max-w-[var(--user-chat-width,70%)] bg-token-message-surface rounded-3xl px-5 py-2.5\">\n<h2 class=\"user-query-container user-query-bubble-container ng-star-inserted\">Vilka spr\u00e5k kommer att h\u00f6ras p\u00e5 scenen vid Eurovision Song Contest 2025 i Basel?<\/h2>\n<p><span class=\"relative -mx-px my-[-0.2rem] rounded px-px py-[0.2rem] transition-colors duration-100 ease-in-out\">Vid \u00e5rets Eurovision Song Contest 2025 i Basel kommer publiken att f\u00e5 h\u00f6ra ett rekordstort antal spr\u00e5k p\u00e5 scenen \u2013 totalt 20 olika spr\u00e5k, vilket \u00e4r det h\u00f6gsta antalet sedan spr\u00e5kreglerna liberaliserades 1999<\/span> . <span class=\"relative -mx-px my-[-0.2rem] rounded px-px py-[0.2rem] transition-colors duration-100 ease-in-out\">Denna m\u00e5ngfald speglar en tydlig trend mot \u00f6kad spr\u00e5klig och kulturell representation i t\u00e4vlingen.<\/span><br \/>\n<iframe loading=\"lazy\" title=\"Eurovision 2025 celebrates record-breaking linguistic diversity \u2022 FRANCE 24 English\" src=\"https:\/\/www.youtube.com\/embed\/60u68JR1qJU\" width=\"853\" height=\"481\" frameborder=\"0\" allowfullscreen=\"allowfullscreen\"><\/iframe><\/p>\n<p><a href=\"https:\/\/i0.wp.com\/www.balticmedia.com\/wp-content\/uploads\/Eurovision-song-contest-in-Basel-2025-happy-people-and-logo-e1747343237630.jpeg?ssl=1\"><img data-recalc-dims=\"1\" loading=\"lazy\" decoding=\"async\" class=\"alignnone wp-image-138013 size-medium\" src=\"https:\/\/i0.wp.com\/www.balticmedia.com\/wp-content\/uploads\/\/Eurovision-song-contest-in-Basel-2025-happy-people-and-logo.jpeg?resize=300%2C300&#038;ssl=1\" alt=\"Vilka spr\u00e5k kommer att h\u00f6ras p\u00e5 scenen vid Eurovision Song Contest 2025 i Basel?\" width=\"300\" height=\"300\" title=\"\"><\/a><\/p>\n<h2>Rekordm\u00e5nga spr\u00e5k p\u00e5 Eurovision 2025<\/h2>\n<div>\n<div class=\"response-container ng-tns-c2958502631-17 response-container-with-gpi ng-star-inserted response-container-has-multiple-responses\">\n<div class=\"presented-response-container ng-tns-c2958502631-17\">\n<div class=\"response-container-content ng-tns-c2958502631-17\">\n<div class=\"response-container ng-tns-c2958502631-17 response-container-with-gpi ng-star-inserted response-container-has-multiple-responses\">\n<div class=\"presented-response-container ng-tns-c2958502631-17\">\n<div class=\"response-container-content ng-tns-c2958502631-17\">\n<div class=\"response-content ng-tns-c2958502631-17\">\n<div id=\"model-response-message-contentr_88a4ee4ad81c2124\" class=\"markdown markdown-main-panel enable-updated-hr-color\" dir=\"ltr\">\n<ul data-sourcepos=\"7:1-27:0\">\n<li data-sourcepos=\"7:1-7:14\">\n<h3 class=\"\" data-start=\"153\" data-end=\"199\">Spr\u00e5k som framf\u00f6rs p\u00e5 scenen i Basel 2025:<\/h3>\n<ul data-start=\"201\" data-end=\"1232\">\n<li class=\"\" data-start=\"201\" data-end=\"296\">\n<p class=\"\" data-start=\"203\" data-end=\"296\"><strong data-start=\"203\" data-end=\"215\">Engelska<\/strong> \u2013 <span class=\"relative -mx-px my-[-0.2rem] rounded px-px py-[0.2rem] transition-colors duration-100 ease-in-out\">Fortfarande det mest anv\u00e4nda spr\u00e5ket, <strong>med 20 bidrag<\/strong> helt eller delvis p\u00e5 engelska<\/span> .<\/p>\n<\/li>\n<li class=\"\" data-start=\"297\" data-end=\"393\">\n<p class=\"\" data-start=\"299\" data-end=\"393\"><strong data-start=\"299\" data-end=\"310\">Franska<\/strong> \u2013 <span class=\"relative -mx-px my-[-0.2rem] rounded px-px py-[0.2rem] transition-colors duration-100 ease-in-out\">Anv\u00e4nds av artister fr\u00e5n bland annat <strong>Schweiz och Frankrike<\/strong><\/span><strong> .<\/strong><\/p>\n<\/li>\n<li class=\"\" data-start=\"394\" data-end=\"490\">\n<p class=\"\" data-start=\"396\" data-end=\"490\"><strong data-start=\"396\" data-end=\"407\">Svenska<\/strong> \u2013 <span class=\"relative -mx-px my-[-0.2rem] rounded px-px py-[0.2rem] transition-colors duration-100 ease-in-out\">Framf\u00f6rs av den finlandssvenska trion <strong>KAJ med l\u00e5ten &#8221;Bara Bada Bastu&#8221;<\/strong>, som representerar Sverige och sjunger p\u00e5 V\u00f6r\u00e5dialekten, en \u00f6sterbottnisk variant av finlandssvenska<\/span> .<\/p>\n<\/li>\n<li class=\"\" data-start=\"491\" data-end=\"590\">\n<p class=\"\" data-start=\"493\" data-end=\"590\"><strong data-start=\"493\" data-end=\"507\">Italienska<\/strong> \u2013 <strong><span class=\"relative -mx-px my-[-0.2rem] rounded px-px py-[0.2rem] transition-colors duration-100 ease-in-out\">Italien representeras av Lucio Corsi med l\u00e5ten &#8221;Volevo essere un duro&#8221;<\/span> .<\/strong><\/p>\n<\/li>\n<li class=\"\" data-start=\"591\" data-end=\"687\">\n<p class=\"\" data-start=\"593\" data-end=\"687\"><strong data-start=\"593\" data-end=\"604\">Spanska<\/strong> \u2013 <strong><span class=\"relative -mx-px my-[-0.2rem] rounded px-px py-[0.2rem] transition-colors duration-100 ease-in-out\">Melody framf\u00f6r &#8221;Esa diva&#8221; f\u00f6r Spanien<\/span> .<\/strong><\/p>\n<\/li>\n<li class=\"\" data-start=\"688\" data-end=\"782\">\n<p class=\"\" data-start=\"690\" data-end=\"782\"><strong data-start=\"690\" data-end=\"699\">Tyska<\/strong> \u2013 <span class=\"relative -mx-px my-[-0.2rem] rounded px-px py-[0.2rem] transition-colors duration-100 ease-in-out\">Det tyska bidraget<strong> &#8221;Baller&#8221; framf\u00f6rs av duon Abor &amp; Tynna<\/strong><\/span><strong> .<\/strong><\/p>\n<\/li>\n<li class=\"\" data-start=\"783\" data-end=\"894\">\n<p class=\"\" data-start=\"785\" data-end=\"894\"><strong data-start=\"785\" data-end=\"811\">Georgiska och engelska<\/strong> \u2013 <span class=\"relative -mx-px my-[-0.2rem] rounded px-px py-[0.2rem] transition-colors duration-100 ease-in-out\">Georgiens Mariam Shengelia framf\u00f6r <strong>&#8221;Freedom&#8221; p\u00e5 b\u00e5de georgiska och engelska<\/strong><\/span><strong> .<\/strong><\/p>\n<\/li>\n<li class=\"\" data-start=\"895\" data-end=\"993\">\n<p class=\"\" data-start=\"897\" data-end=\"993\"><strong data-start=\"897\" data-end=\"910\">Hebreiska<\/strong> \u2013 <span class=\"relative -mx-px my-[-0.2rem] rounded px-px py-[0.2rem] transition-colors duration-100 ease-in-out\">Israels Yuval Raphael framf\u00f6r l\u00e5ten &#8221;New Day Will Rise&#8221;<\/span> .<\/p>\n<\/li>\n<li class=\"\" data-start=\"994\" data-end=\"1092\">\n<p class=\"\" data-start=\"996\" data-end=\"1092\"><strong data-start=\"996\" data-end=\"1009\">Ukrainska<\/strong> \u2013 <span class=\"relative -mx-px my-[-0.2rem] rounded px-px py-[0.2rem] transition-colors duration-100 ease-in-out\">Ukrainas band Ziferblat framf\u00f6r &#8221;Bird of Pray&#8221;<\/span> .<\/p>\n<\/li>\n<li class=\"\" data-start=\"492\" data-end=\"507\">\n<p class=\"\" data-start=\"494\" data-end=\"507\"><strong data-start=\"494\" data-end=\"505\">Serbiska &#8211; Princ &#8221;Mila&#8221; (\u041c\u0438\u043b\u0430)<\/strong><\/p>\n<\/li>\n<li class=\"\" data-start=\"508\" data-end=\"527\">\n<p class=\"\" data-start=\"510\" data-end=\"527\"><strong data-start=\"510\" data-end=\"525\">Montenegrinska &#8211; Nina \u017di\u017ei\u0107 &#8221;Dobrodo\u0161li&#8221; (\u0414\u043e\u0431\u0440\u043e\u0434\u043e\u0448\u043b\u0438)<\/strong><\/p>\n<\/li>\n<li class=\"\" data-start=\"528\" data-end=\"545\">\n<p class=\"\" data-start=\"530\" data-end=\"545\"><strong data-start=\"530\" data-end=\"543\">Isl\u00e4ndska -V\u00e6b &#8221;R\u00f3a&#8221;<\/strong><\/p>\n<\/li>\n<li class=\"\" data-start=\"546\" data-end=\"561\">\n<p class=\"\" data-start=\"548\" data-end=\"561\"><strong data-start=\"548\" data-end=\"559\">Lettiska &#8211; Tautumeitas &#8221;Bur man laimi&#8221;<\/strong><\/p>\n<\/li>\n<li class=\"\" data-start=\"562\" data-end=\"580\">\n<p class=\"\" data-start=\"564\" data-end=\"580\"><strong data-start=\"564\" data-end=\"578\">Lituiska &#8211; Katarsis &#8221;Tavo akys&#8221;<\/strong><\/p>\n<\/li>\n<li class=\"\" data-start=\"581\" data-end=\"626\">\n<p class=\"\" data-start=\"583\" data-end=\"626\"><strong data-start=\"583\" data-end=\"595\">Albanska<\/strong> (<span class=\"relative -mx-px my-[-0.2rem] rounded px-px py-[0.2rem] transition-colors duration-100 ease-in-out\">specifikt Gheg-dialekten<\/span>) <strong>&#8211; Shkodra Elektronike &#8221;Zjerm&#8221;<\/strong><\/p>\n<\/li>\n<li class=\"\" data-start=\"627\" data-end=\"642\">\n<p class=\"\" data-start=\"629\" data-end=\"642\"><strong data-start=\"629\" data-end=\"640\">Finska &#8211; Erika Vikman &#8221;Ich komme&#8221;<\/strong><\/p>\n<\/li>\n<li class=\"\" data-start=\"643\" data-end=\"738\">\n<p class=\"\" data-start=\"645\" data-end=\"738\"><strong data-start=\"645\" data-end=\"667\">Broccolino dialekt<\/strong>\u00a0(an American variety of Italian)<\/p>\n<\/li>\n<li><strong data-start=\"429\" data-end=\"439\">Polska &#8211; Justyna Steczkowska &#8221;Gaja&#8221;<\/strong><\/li>\n<\/ul>\n<\/li>\n<\/ul>\n<ul>\n<li style=\"list-style-type: none;\">\n<ul data-start=\"201\" data-end=\"1232\">\n<li><strong data-start=\"396\" data-end=\"410\">Portugisiska &#8211; Napa &#8221;Deslocado&#8221;<\/strong><\/li>\n<\/ul>\n<\/li>\n<\/ul>\n<p data-sourcepos=\"28:1-28:71\">Det \u00e4r en tydlig trend mot \u00f6kad spr\u00e5klig m\u00e5ngfald p\u00e5 Eurovision-scenen.<\/p>\n<\/div>\n<\/div>\n<\/div>\n<\/div>\n<p><iframe loading=\"lazy\" title=\"Languages Percentage of All Eurovision 2025 Songs (23 DIFFERENT LANGUAGES!)\" src=\"https:\/\/www.youtube.com\/embed\/YpVBKBzfSjY\" width=\"769\" height=\"432\" frameborder=\"0\" allowfullscreen=\"allowfullscreen\"><\/iframe><\/p>\n<\/div>\n<\/div>\n<\/div>\n<\/div>\n<\/div>\n<h2 class=\"whitespace-pre-wrap\">Varf\u00f6r finns det nu fler l\u00e5tar p\u00e5 nationella spr\u00e5k i Eurovision Song Contest?<\/h2>\n<\/div>\n<\/div>\n<\/div>\n<\/div>\n<\/div>\n<\/div>\n<\/div>\n<\/div>\n<\/article>\n<article class=\"text-token-text-primary w-full\" dir=\"auto\" data-testid=\"conversation-turn-4\" data-scroll-anchor=\"true\">\n<div class=\"text-base my-auto mx-auto py-5 [--thread-content-margin:--spacing(4)] @[37rem]:[--thread-content-margin:--spacing(6)] @[72rem]:[--thread-content-margin:--spacing(16)] px-(--thread-content-margin)\">\n<div class=\"[--thread-content-max-width:32rem] @[34rem]:[--thread-content-max-width:40rem] @[64rem]:[--thread-content-max-width:48rem] mx-auto flex max-w-(--thread-content-max-width) flex-1 text-base gap-4 md:gap-5 lg:gap-6 group\/turn-messages focus-visible:outline-hidden\" tabindex=\"-1\">\n<div class=\"group\/conversation-turn relative flex w-full min-w-0 flex-col agent-turn\">\n<div class=\"relative flex-col gap-1 md:gap-3\">\n<div class=\"flex max-w-full flex-col grow\">\n<div class=\"min-h-8 text-message relative flex w-full flex-col items-end gap-2 text-start break-words whitespace-normal [.text-message+&amp;]:mt-5\" dir=\"auto\" data-message-author-role=\"assistant\" data-message-id=\"9c4eb4b2-0816-4c5b-acf5-8bc2dae3545b\" data-message-model-slug=\"gpt-4o\">\n<div class=\"flex w-full flex-col gap-1 empty:hidden first:pt-[3px]\">\n<div class=\"markdown prose dark:prose-invert w-full break-words light\">\n<p class=\"\" data-start=\"0\" data-end=\"130\">Det finns flera orsaker till att det numera \u00e4r fler l\u00e5tar p\u00e5 nationella spr\u00e5k i <strong data-start=\"80\" data-end=\"107\">Eurovision Song Contest<\/strong>. H\u00e4r \u00e4r de viktigaste:<\/p>\n<h3 class=\"\" data-start=\"137\" data-end=\"186\">\ud83c\uddea\ud83c\uddfa 1. <strong data-start=\"149\" data-end=\"186\">Stolthet \u00f6ver nationell identitet<\/strong><\/h3>\n<p class=\"\" data-start=\"187\" data-end=\"379\">M\u00e5nga l\u00e4nder vill visa upp sin kultur och sitt spr\u00e5k inf\u00f6r en internationell publik. Att sjunga p\u00e5 sitt modersm\u00e5l kan uppfattas som mer \u00e4kta och personligt \u2013 ett s\u00e4tt att s\u00e4ga &#8221;det h\u00e4r \u00e4r vi&#8221;.<\/p>\n<h3 class=\"\" data-start=\"386\" data-end=\"420\">\ud83c\udfb5 2. <strong data-start=\"396\" data-end=\"420\">Sticker ut i m\u00e4ngden<\/strong><\/h3>\n<p class=\"\" data-start=\"421\" data-end=\"629\">Eftersom majoriteten av l\u00e5tar historiskt har varit p\u00e5 engelska, kan en l\u00e5t p\u00e5 ett nationellt spr\u00e5k sticka ut mer. Det g\u00f6r det l\u00e4ttare att bli ih\u00e5gkommen \u2013 vilket \u00e4r viktigt i en t\u00e4vling d\u00e4r varje r\u00f6st r\u00e4knas.<\/p>\n<h3 class=\"\" data-start=\"636\" data-end=\"684\">\ud83c\udfc6 3. <strong data-start=\"646\" data-end=\"684\">Framg\u00e5ngar f\u00f6r icke-engelska l\u00e5tar<\/strong><\/h3>\n<p class=\"\" data-start=\"685\" data-end=\"801\">Flera framg\u00e5ngsrika bidrag p\u00e5 nationella spr\u00e5k har visat att det g\u00e5r att vinna utan att sjunga p\u00e5 engelska. Exempel:<\/p>\n<ul data-start=\"802\" data-end=\"1014\">\n<li class=\"\" data-start=\"802\" data-end=\"873\">\n<p class=\"\" data-start=\"804\" data-end=\"873\"><strong data-start=\"804\" data-end=\"823\">Portugal (2017)<\/strong> \u2013 Salvador Sobral sj\u00f6ng p\u00e5 portugisiska och vann.<\/p>\n<\/li>\n<li class=\"\" data-start=\"874\" data-end=\"945\">\n<p class=\"\" data-start=\"876\" data-end=\"945\"><strong data-start=\"876\" data-end=\"894\">Italien (2021)<\/strong> \u2013 M\u00e5neskin vann med &#8221;Zitti e buoni&#8221; p\u00e5 italienska.<\/p>\n<\/li>\n<li class=\"\" data-start=\"946\" data-end=\"1014\">\n<p class=\"\" data-start=\"948\" data-end=\"1014\"><strong data-start=\"948\" data-end=\"966\">Ukraina (2022)<\/strong> \u2013 Kalush Orchestra vann med delar p\u00e5 ukrainska.<\/p>\n<\/li>\n<\/ul>\n<p class=\"\" data-start=\"1016\" data-end=\"1087\">Dessa segrar inspirerar andra l\u00e4nder att v\u00e5ga t\u00e4vla p\u00e5 sitt eget spr\u00e5k.<\/p>\n<h3 class=\"\" data-start=\"1094\" data-end=\"1136\">\ud83c\udf0d 4. <strong data-start=\"1104\" data-end=\"1136\">Publiken uppskattar m\u00e5ngfald<\/strong><\/h3>\n<p class=\"\" data-start=\"1137\" data-end=\"1266\">M\u00e5nga tittare tycker om att h\u00f6ra olika spr\u00e5k och musikstilar. Det speglar Europas kulturella m\u00e5ngfald \u2013 en grundid\u00e9 i Eurovision.<\/p>\n<h3 class=\"\" data-start=\"1273\" data-end=\"1315\">\ud83e\uddd1\u200d\ud83c\udfa4 5. <strong data-start=\"1286\" data-end=\"1315\">Nya generationer artister<\/strong><\/h3>\n<p class=\"\" data-start=\"1316\" data-end=\"1502\">Yngre artister \u00e4r ofta mer medvetna om sin kultur och vill uttrycka sig p\u00e5 ett personligt s\u00e4tt. M\u00e5nga vill g\u00e5 ifr\u00e5n det mer &#8221;generiska&#8221; engelska uttrycket och sjunga p\u00e5 sitt hj\u00e4rtespr\u00e5k.<\/p>\n<h3 class=\"\" data-start=\"1509\" data-end=\"1560\">\ud83d\udcfa 6. <strong data-start=\"1519\" data-end=\"1560\">Nationella uttagningar uppmuntrar det<\/strong><\/h3>\n<p class=\"\" data-start=\"1561\" data-end=\"1713\">I vissa l\u00e4nder (t.ex. Frankrike, Spanien, Serbien) uppmuntrar eller kr\u00e4ver TV-bolagen att l\u00e5tar framf\u00f6rs p\u00e5 landets spr\u00e5k i de nationella uttagningarna.<\/p>\n<p class=\"\" data-start=\"1740\" data-end=\"2028\">Det \u00e4r en kombination av <strong data-start=\"1765\" data-end=\"1787\">kulturell stolthet<\/strong>, <strong data-start=\"1789\" data-end=\"1819\">strategi f\u00f6r att sticka ut<\/strong>, och <strong data-start=\"1825\" data-end=\"1862\">inspiration fr\u00e5n tidigare vinnare<\/strong> som gjort att allt fler bidrag framf\u00f6rs p\u00e5 nationella spr\u00e5k i Eurovision. Det \u00e4r ett tecken p\u00e5 att t\u00e4vlingen r\u00f6r sig mot st\u00f6rre spr\u00e5klig och kulturell m\u00e5ngfald igen.<\/p>\n<\/div>\n<\/div>\n<\/div>\n<\/div>\n<\/div>\n<\/div>\n<\/div>\n<\/div>\n<\/article>\n","protected":false},"excerpt":{"rendered":"<p>Vilka spr\u00e5k kommer att h\u00f6ras p\u00e5 scenen vid Eurovision Song Contest 2025 i Basel? Vid \u00e5rets Eurovision Song Contest 2025 i Basel kommer publiken att f\u00e5 h\u00f6ra ett rekordstort antal spr\u00e5k p\u00e5 scenen \u2013 totalt 20 olika spr\u00e5k, vilket \u00e4r det h\u00f6gsta antalet sedan spr\u00e5kreglerna liberaliserades 1999 . Denna m\u00e5ngfald speglar en tydlig trend mot [&hellip;]<\/p>\n","protected":false},"author":3,"featured_media":138027,"comment_status":"closed","ping_status":"closed","sticky":false,"template":"","format":"standard","meta":{"ocean_post_layout":"","ocean_both_sidebars_style":"","ocean_both_sidebars_content_width":0,"ocean_both_sidebars_sidebars_width":0,"ocean_sidebar":"0","ocean_second_sidebar":"0","ocean_disable_margins":"enable","ocean_add_body_class":"","ocean_shortcode_before_top_bar":"","ocean_shortcode_after_top_bar":"","ocean_shortcode_before_header":"","ocean_shortcode_after_header":"","ocean_has_shortcode":"","ocean_shortcode_after_title":"","ocean_shortcode_before_footer_widgets":"","ocean_shortcode_after_footer_widgets":"","ocean_shortcode_before_footer_bottom":"","ocean_shortcode_after_footer_bottom":"","ocean_display_top_bar":"default","ocean_display_header":"default","ocean_header_style":"","ocean_center_header_left_menu":"0","ocean_custom_header_template":"0","ocean_custom_logo":0,"ocean_custom_retina_logo":0,"ocean_custom_logo_max_width":0,"ocean_custom_logo_tablet_max_width":0,"ocean_custom_logo_mobile_max_width":0,"ocean_custom_logo_max_height":0,"ocean_custom_logo_tablet_max_height":0,"ocean_custom_logo_mobile_max_height":0,"ocean_header_custom_menu":"0","ocean_menu_typo_font_family":"0","ocean_menu_typo_font_subset":"","ocean_menu_typo_font_size":0,"ocean_menu_typo_font_size_tablet":0,"ocean_menu_typo_font_size_mobile":0,"ocean_menu_typo_font_size_unit":"px","ocean_menu_typo_font_weight":"","ocean_menu_typo_font_weight_tablet":"","ocean_menu_typo_font_weight_mobile":"","ocean_menu_typo_transform":"","ocean_menu_typo_transform_tablet":"","ocean_menu_typo_transform_mobile":"","ocean_menu_typo_line_height":0,"ocean_menu_typo_line_height_tablet":0,"ocean_menu_typo_line_height_mobile":0,"ocean_menu_typo_line_height_unit":"","ocean_menu_typo_spacing":0,"ocean_menu_typo_spacing_tablet":0,"ocean_menu_typo_spacing_mobile":0,"ocean_menu_typo_spacing_unit":"","ocean_menu_link_color":"","ocean_menu_link_color_hover":"","ocean_menu_link_color_active":"","ocean_menu_link_background":"","ocean_menu_link_hover_background":"","ocean_menu_link_active_background":"","ocean_menu_social_links_bg":"","ocean_menu_social_hover_links_bg":"","ocean_menu_social_links_color":"","ocean_menu_social_hover_links_color":"","ocean_disable_title":"default","ocean_disable_heading":"default","ocean_post_title":"","ocean_post_subheading":"","ocean_post_title_style":"","ocean_post_title_background_color":"","ocean_post_title_background":0,"ocean_post_title_bg_image_position":"","ocean_post_title_bg_image_attachment":"","ocean_post_title_bg_image_repeat":"","ocean_post_title_bg_image_size":"","ocean_post_title_height":0,"ocean_post_title_bg_overlay":0.5,"ocean_post_title_bg_overlay_color":"","ocean_disable_breadcrumbs":"default","ocean_breadcrumbs_color":"","ocean_breadcrumbs_separator_color":"","ocean_breadcrumbs_links_color":"","ocean_breadcrumbs_links_hover_color":"","ocean_display_footer_widgets":"default","ocean_display_footer_bottom":"default","ocean_custom_footer_template":"0","ofc_meta_disable_footer_callout":"","ofc_meta_callout_button_url":"","ofc_meta_callout_button_txt":"","ofc_meta_callout_text":"","osh_disable_topbar_sticky":"default","osh_disable_header_sticky":"default","osh_sticky_header_style":"default","osh_sticky_header_effect":"","osh_custom_sticky_logo":0,"osh_custom_retina_sticky_logo":0,"osh_custom_sticky_logo_height":0,"osh_background_color":"","osh_links_color":"","osh_links_hover_color":"","osh_links_active_color":"","osh_links_bg_color":"","osh_links_hover_bg_color":"","osh_links_active_bg_color":"","osh_menu_social_links_color":"","osh_menu_social_hover_links_color":"","_jetpack_memberships_contains_paid_content":false,"ocean_post_oembed":"","ocean_post_self_hosted_media":"","ocean_post_video_embed":"","ocean_link_format":"","ocean_link_format_target":"self","ocean_quote_format":"","ocean_quote_format_link":"post","ocean_gallery_link_images":"on","ocean_gallery_id":[],"footnotes":"","jetpack_publicize_message":"","jetpack_publicize_feature_enabled":true,"jetpack_social_post_already_shared":true,"jetpack_social_options":{"image_generator_settings":{"template":"highway","default_image_id":0,"font":"","enabled":false},"version":2}},"categories":[341],"tags":[1629,1641,1643,1637,1630,1631,1632,1633,1634,1639,1635,1636,1644,1638,1640,1642],"class_list":["post-138045","post","type-post","status-publish","format-standard","has-post-thumbnail","hentry","category-blogg","tag-albanska-specifikt-gheg-dialekten","tag-bara-bada-bastu","tag-esc-sv","tag-eurovision-song-contest","tag-grekiska","tag-islandska","tag-lettiska","tag-litauiska","tag-montenegrinska","tag-nationella-sprak-i-eurovision-song-contest","tag-polska","tag-portugisiska-och-serbiska","tag-rekordmanga-sprak-pa-eurovision-2025","tag-sprak-i-esc","tag-svenska-kaj","tag-tautumeitas-eirovizija-2025","entry","has-media"],"jetpack_publicize_connections":[],"jetpack_featured_media_url":"https:\/\/i0.wp.com\/www.balticmedia.com\/wp-content\/uploads\/Eurovision-song-contest-in-Basel-2025-happy-people-and-logo-1-e1747343459827.jpeg?fit=1024%2C1024&ssl=1","jetpack_sharing_enabled":true,"jetpack_likes_enabled":true,"jetpack-related-posts":[],"jetpack_shortlink":"https:\/\/wp.me\/pe7Cu3-zUx","_links":{"self":[{"href":"https:\/\/www.balticmedia.com\/sv\/wp-json\/wp\/v2\/posts\/138045","targetHints":{"allow":["GET"]}}],"collection":[{"href":"https:\/\/www.balticmedia.com\/sv\/wp-json\/wp\/v2\/posts"}],"about":[{"href":"https:\/\/www.balticmedia.com\/sv\/wp-json\/wp\/v2\/types\/post"}],"author":[{"embeddable":true,"href":"https:\/\/www.balticmedia.com\/sv\/wp-json\/wp\/v2\/users\/3"}],"replies":[{"embeddable":true,"href":"https:\/\/www.balticmedia.com\/sv\/wp-json\/wp\/v2\/comments?post=138045"}],"version-history":[{"count":7,"href":"https:\/\/www.balticmedia.com\/sv\/wp-json\/wp\/v2\/posts\/138045\/revisions"}],"predecessor-version":[{"id":138080,"href":"https:\/\/www.balticmedia.com\/sv\/wp-json\/wp\/v2\/posts\/138045\/revisions\/138080"}],"wp:featuredmedia":[{"embeddable":true,"href":"https:\/\/www.balticmedia.com\/sv\/wp-json\/wp\/v2\/media\/138027"}],"wp:attachment":[{"href":"https:\/\/www.balticmedia.com\/sv\/wp-json\/wp\/v2\/media?parent=138045"}],"wp:term":[{"taxonomy":"category","embeddable":true,"href":"https:\/\/www.balticmedia.com\/sv\/wp-json\/wp\/v2\/categories?post=138045"},{"taxonomy":"post_tag","embeddable":true,"href":"https:\/\/www.balticmedia.com\/sv\/wp-json\/wp\/v2\/tags?post=138045"}],"curies":[{"name":"wp","href":"https:\/\/api.w.org\/{rel}","templated":true}]}}