{"id":1933,"count":1,"description":"","link":"https:\/\/www.balticmedia.com\/lt\/tag\/vertimas-i-svedu-kalba\/","name":"vertimas \u012f \u0161ved\u0173 kalb\u0105","slug":"vertimas-i-svedu-kalba","taxonomy":"post_tag","meta":[],"_links":{"self":[{"href":"https:\/\/www.balticmedia.com\/lt\/wp-json\/wp\/v2\/tags\/1933","targetHints":{"allow":["GET"]}}],"collection":[{"href":"https:\/\/www.balticmedia.com\/lt\/wp-json\/wp\/v2\/tags"}],"about":[{"href":"https:\/\/www.balticmedia.com\/lt\/wp-json\/wp\/v2\/taxonomies\/post_tag"}],"wp:post_type":[{"href":"https:\/\/www.balticmedia.com\/lt\/wp-json\/wp\/v2\/posts?tags=1933"}],"curies":[{"name":"wp","href":"https:\/\/api.w.org\/{rel}","templated":true}]}}